{"id":917,"date":"2021-11-26T08:34:47","date_gmt":"2021-11-26T07:34:47","guid":{"rendered":"https:\/\/zuendoptics.com\/?p=917"},"modified":"2021-11-26T09:49:43","modified_gmt":"2021-11-26T08:49:43","slug":"rene-zuend-and-gerhard-klauser-take-over-as-co-ceos-of-zuend-group","status":"publish","type":"post","link":"https:\/\/zuendoptics.com\/en\/2021\/11\/26\/rene-zuend-and-gerhard-klauser-take-over-as-co-ceos-of-zuend-group\/","title":{"rendered":"Ren\u00e9 Z\u00fcnd and Gerhard Klauser take over as Co-CEOs of Z\u00fcnd Group"},"content":{"rendered":"<p>The Z\u00fcnd Group is reorganizing its management team: CEO Oscar Turienzo has left the company. The search for a new CEO has started and in the meantime Ren\u00e9 Z\u00fcnd and Gerhard Klauser will ad interim take over as Co-CEOs. CTO Andreas Dauerer will assume the role as head of production and complements the management team. The Board of Directors is convinced that the reorganization will create the ideal basis for the successful implementation of the targeted growth strategy with highest quality standards and consistent customer orientation. Z\u00fcnd has an experienced top management, highly competent senior employees and a strong team.<\/p>\n","protected":false},"excerpt":{"rendered":"<p>The Z\u00fcnd Group is reorganizing its management team: CEO Oscar Turienzo has left the company. The search for a new CEO has started and in the meantime Ren\u00e9 Z\u00fcnd and Gerhard Klauser will ad interim take over as Co-CEOs. CTO Andreas Dauerer will assume the role as head of production and complements the management team. [&hellip;]<\/p>\n","protected":false},"author":1,"featured_media":0,"comment_status":"closed","ping_status":"closed","sticky":false,"template":"","format":"standard","meta":{"footnotes":""},"categories":[23],"tags":[],"class_list":["post-917","post","type-post","status-publish","format-standard","hentry","category-news-en"],"_links":{"self":[{"href":"https:\/\/zuendoptics.com\/en\/wp-json\/wp\/v2\/posts\/917","targetHints":{"allow":["GET"]}}],"collection":[{"href":"https:\/\/zuendoptics.com\/en\/wp-json\/wp\/v2\/posts"}],"about":[{"href":"https:\/\/zuendoptics.com\/en\/wp-json\/wp\/v2\/types\/post"}],"author":[{"embeddable":true,"href":"https:\/\/zuendoptics.com\/en\/wp-json\/wp\/v2\/users\/1"}],"replies":[{"embeddable":true,"href":"https:\/\/zuendoptics.com\/en\/wp-json\/wp\/v2\/comments?post=917"}],"version-history":[{"count":2,"href":"https:\/\/zuendoptics.com\/en\/wp-json\/wp\/v2\/posts\/917\/revisions"}],"predecessor-version":[{"id":926,"href":"https:\/\/zuendoptics.com\/en\/wp-json\/wp\/v2\/posts\/917\/revisions\/926"}],"wp:attachment":[{"href":"https:\/\/zuendoptics.com\/en\/wp-json\/wp\/v2\/media?parent=917"}],"wp:term":[{"taxonomy":"category","embeddable":true,"href":"https:\/\/zuendoptics.com\/en\/wp-json\/wp\/v2\/categories?post=917"},{"taxonomy":"post_tag","embeddable":true,"href":"https:\/\/zuendoptics.com\/en\/wp-json\/wp\/v2\/tags?post=917"}],"curies":[{"name":"wp","href":"https:\/\/api.w.org\/{rel}","templated":true}]}}