{"id":1203,"date":"2022-05-01T21:59:49","date_gmt":"2022-05-01T20:59:49","guid":{"rendered":"https:\/\/zuendoptics.com\/2022\/05\/01\/rainer-trittenbach-ist-ab-01-mai-2022-neuer-ceo-der-zuend-gruppe\/"},"modified":"2022-05-01T22:03:02","modified_gmt":"2022-05-01T21:03:02","slug":"rainer-trittenbach-ist-ab-01-mai-2022-neuer-ceo-der-zuend-gruppe","status":"publish","type":"post","link":"https:\/\/zuendoptics.com\/en\/2022\/05\/01\/rainer-trittenbach-ist-ab-01-mai-2022-neuer-ceo-der-zuend-gruppe\/","title":{"rendered":"Rainer Trittenbach becomes new CEO of Z\u00fcnd Group from May 2022"},"content":{"rendered":"\n<style type=\"text\/css\" data-created_by=\"avia_inline_auto\" id=\"style-css-av-a5w7t-827c4375b728341427efd5582bab253a\">\n.avia-image-container.av-a5w7t-827c4375b728341427efd5582bab253a img.avia_image{\nbox-shadow:none;\n}\n.avia-image-container.av-a5w7t-827c4375b728341427efd5582bab253a .av-image-caption-overlay-center{\ncolor:#ffffff;\n}\n<\/style>\n<div  class='avia-image-container av-a5w7t-827c4375b728341427efd5582bab253a av-styling-circle avia-align-left  avia-builder-el-0  avia-builder-el-no-sibling '   itemprop=\"image\" itemscope=\"itemscope\" itemtype=\"https:\/\/schema.org\/ImageObject\" ><div class=\"avia-image-container-inner\"><div class=\"avia-image-overlay-wrap\"><img decoding=\"async\" fetchpriority=\"high\" class='wp-image-1196 avia-img-lazy-loading-not-1196 avia_image ' src=\"https:\/\/zuendoptics.com\/wp-content\/uploads\/2022\/05\/Rainer_Trittenbach-200x300.jpg\" alt='' title='Rainer_Trittenbach'  height=\"300\" width=\"200\"  itemprop=\"thumbnailUrl\" srcset=\"https:\/\/zuendoptics.com\/wp-content\/uploads\/2022\/05\/Rainer_Trittenbach-200x300.jpg 200w, https:\/\/zuendoptics.com\/wp-content\/uploads\/2022\/05\/Rainer_Trittenbach-687x1030.jpg 687w, https:\/\/zuendoptics.com\/wp-content\/uploads\/2022\/05\/Rainer_Trittenbach-768x1152.jpg 768w, https:\/\/zuendoptics.com\/wp-content\/uploads\/2022\/05\/Rainer_Trittenbach-1024x1536.jpg 1024w, https:\/\/zuendoptics.com\/wp-content\/uploads\/2022\/05\/Rainer_Trittenbach-1365x2048.jpg 1365w, https:\/\/zuendoptics.com\/wp-content\/uploads\/2022\/05\/Rainer_Trittenbach-1000x1500.jpg 1000w, https:\/\/zuendoptics.com\/wp-content\/uploads\/2022\/05\/Rainer_Trittenbach-470x705.jpg 470w, https:\/\/zuendoptics.com\/wp-content\/uploads\/2022\/05\/Rainer_Trittenbach-scaled.jpg 1707w\" sizes=\"(max-width: 200px) 100vw, 200px\" \/><\/div><\/div><\/div>\n<p>The Board of Directors has succeeded in strengthening the management of Z\u00fcnd Group with Rainer Trittenbach, a highly experienced manager who is well-connected in the optics industry. Ren\u00e9 Z\u00fcnd and Gerhard Klauser, who are currently leading the Group ad interim as Co-CEOs will remain with the company as members of the Board of Directors. CTO Andreas Dauerer continues to be responsible for technology\/production and completes the management team.<\/p>\n<p>&nbsp;<\/p>\n<p><strong>Rainer Trittenbach:<\/strong> \u00ab<em>Z\u00fcnd Group has a strong market position in a growing business segment that I am very familiar with from my work to date. I am very much looking forward to my new job and I would like to thank you for the trust you have placed in me.<\/em>\u00bb<\/p>\n<p><strong>Andreas Dauerer<\/strong>: \u00ab<em>Rainer Trittenbach and I have known each other for several years and have also worked together before.\u00a0We complement each other with our skills, where Rainer takes care of the administrative and customer-specific issues and I cover the technological challenges.\u00a0We are motivated to successfully develop the Z\u00fcnd Group together and continue to differentiate ourselves through quality, customer focus and technological expertise.<\/em>\u00bb<\/p>\n<p><strong>Ren\u00e9 Z\u00fcnd<\/strong>: \u00ab<em>With Rainer Trittenbach we were able to take on an exceedingly competent and successful CEO \u2013 the Board of Directors, the management and the entire workforce are looking forward to working with him.<\/em>\u00bb<\/p>\n","protected":false},"excerpt":{"rendered":"<p>The Board of Directors has succeeded in strengthening the management of Z\u00fcnd Group with Rainer Trittenbach, a highly experienced manager who is well-connected in the optics industry. Ren\u00e9 Z\u00fcnd and Gerhard Klauser, who are currently leading the Group ad interim as Co-CEOs will remain with the company as members of the Board of Directors. CTO [&hellip;]<\/p>\n","protected":false},"author":6,"featured_media":0,"comment_status":"closed","ping_status":"closed","sticky":false,"template":"","format":"standard","meta":{"footnotes":""},"categories":[23,5,1],"tags":[],"class_list":["post-1203","post","type-post","status-publish","format-standard","hentry","category-news-en","category-news","category-unkategorisiert"],"_links":{"self":[{"href":"https:\/\/zuendoptics.com\/en\/wp-json\/wp\/v2\/posts\/1203","targetHints":{"allow":["GET"]}}],"collection":[{"href":"https:\/\/zuendoptics.com\/en\/wp-json\/wp\/v2\/posts"}],"about":[{"href":"https:\/\/zuendoptics.com\/en\/wp-json\/wp\/v2\/types\/post"}],"author":[{"embeddable":true,"href":"https:\/\/zuendoptics.com\/en\/wp-json\/wp\/v2\/users\/6"}],"replies":[{"embeddable":true,"href":"https:\/\/zuendoptics.com\/en\/wp-json\/wp\/v2\/comments?post=1203"}],"version-history":[{"count":3,"href":"https:\/\/zuendoptics.com\/en\/wp-json\/wp\/v2\/posts\/1203\/revisions"}],"predecessor-version":[{"id":1206,"href":"https:\/\/zuendoptics.com\/en\/wp-json\/wp\/v2\/posts\/1203\/revisions\/1206"}],"wp:attachment":[{"href":"https:\/\/zuendoptics.com\/en\/wp-json\/wp\/v2\/media?parent=1203"}],"wp:term":[{"taxonomy":"category","embeddable":true,"href":"https:\/\/zuendoptics.com\/en\/wp-json\/wp\/v2\/categories?post=1203"},{"taxonomy":"post_tag","embeddable":true,"href":"https:\/\/zuendoptics.com\/en\/wp-json\/wp\/v2\/tags?post=1203"}],"curies":[{"name":"wp","href":"https:\/\/api.w.org\/{rel}","templated":true}]}}